{"id":1747,"date":"2020-10-01T16:08:56","date_gmt":"2020-10-01T19:08:56","guid":{"rendered":"http:\/\/oca.eco.br\/?p=1747"},"modified":"2021-03-12T10:17:36","modified_gmt":"2021-03-12T13:17:36","slug":"o-que-o-desmatamento-na-amazonia-pode-desencadear","status":"publish","type":"post","link":"https:\/\/oca.eco.br\/en\/o-que-o-desmatamento-na-amazonia-pode-desencadear\/","title":{"rendered":"What can deforestation in the Amazon trigger?"},"content":{"rendered":"<div data-elementor-type=\"wp-post\" data-elementor-id=\"1747\" class=\"elementor elementor-1747\" data-elementor-post-type=\"post\">\n\t\t\t\t\t\t<section class=\"elementor-section elementor-top-section elementor-element elementor-element-1e197f4 elementor-section-boxed elementor-section-height-default elementor-section-height-default\" data-id=\"1e197f4\" data-element_type=\"section\">\n\t\t\t\t\t\t<div class=\"elementor-container elementor-column-gap-default\">\n\t\t\t\t\t<div class=\"elementor-column elementor-col-100 elementor-top-column elementor-element elementor-element-b123dc6\" data-id=\"b123dc6\" data-element_type=\"column\">\n\t\t\t<div class=\"elementor-widget-wrap elementor-element-populated\">\n\t\t\t\t\t\t<div class=\"elementor-element elementor-element-136474d elementor-widget elementor-widget-post-info\" data-id=\"136474d\" data-element_type=\"widget\" data-widget_type=\"post-info.default\">\n\t\t\t\t<div class=\"elementor-widget-container\">\n\t\t\t\t\t\t\t<ul class=\"elementor-inline-items elementor-icon-list-items elementor-post-info\">\n\t\t\t\t\t\t\t\t<li class=\"elementor-icon-list-item elementor-repeater-item-68f6e81 elementor-inline-item\" itemprop=\"author\">\n\t\t\t\t\t\t<a href=\"https:\/\/oca.eco.br\/en\/author\/lapmar-sites\/\">\n\t\t\t\t\t\t\t\t\t\t\t<span class=\"elementor-icon-list-icon\">\n\t\t\t\t\t\t\t\t<i aria-hidden=\"true\" class=\"far fa-user-circle\"><\/i>\t\t\t\t\t\t\t<\/span>\n\t\t\t\t\t\t\t\t\t<span class=\"elementor-icon-list-text elementor-post-info__item elementor-post-info__item--type-author\">\n\t\t\t\t\t\t\t\t\t\tlapmar.sites\t\t\t\t\t<\/span>\n\t\t\t\t\t\t\t\t\t<\/a>\n\t\t\t\t<\/li>\n\t\t\t\t<li class=\"elementor-icon-list-item elementor-repeater-item-e103673 elementor-inline-item\" itemprop=\"datePublished\">\n\t\t\t\t\t\t<a href=\"https:\/\/oca.eco.br\/en\/2020\/10\/01\/\">\n\t\t\t\t\t\t\t\t\t\t\t<span class=\"elementor-icon-list-icon\">\n\t\t\t\t\t\t\t\t<i aria-hidden=\"true\" class=\"fas fa-calendar\"><\/i>\t\t\t\t\t\t\t<\/span>\n\t\t\t\t\t\t\t\t\t<span class=\"elementor-icon-list-text elementor-post-info__item elementor-post-info__item--type-date\">\n\t\t\t\t\t\t\t\t\t\t<time>October 1, 2020<\/time>\t\t\t\t\t<\/span>\n\t\t\t\t\t\t\t\t\t<\/a>\n\t\t\t\t<\/li>\n\t\t\t\t<li class=\"elementor-icon-list-item elementor-repeater-item-6c1b14d elementor-inline-item\" itemprop=\"commentCount\">\n\t\t\t\t\t\t<a href=\"https:\/\/oca.eco.br\/en\/o-que-o-desmatamento-na-amazonia-pode-desencadear\/#respond\">\n\t\t\t\t\t\t\t\t\t\t\t<span class=\"elementor-icon-list-icon\">\n\t\t\t\t\t\t\t\t<i aria-hidden=\"true\" class=\"far fa-comment-dots\"><\/i>\t\t\t\t\t\t\t<\/span>\n\t\t\t\t\t\t\t\t\t<span class=\"elementor-icon-list-text elementor-post-info__item elementor-post-info__item--type-comments\">\n\t\t\t\t\t\t\t\t\t\tNo Comments\t\t\t\t\t<\/span>\n\t\t\t\t\t\t\t\t\t<\/a>\n\t\t\t\t<\/li>\n\t\t\t\t<\/ul>\n\t\t\t\t\t\t<\/div>\n\t\t\t\t<\/div>\n\t\t\t\t\t<\/div>\n\t\t<\/div>\n\t\t\t\t\t<\/div>\n\t\t<\/section>\n\t\t\t\t<section class=\"elementor-section elementor-top-section elementor-element elementor-element-79a1362 elementor-section-boxed elementor-section-height-default elementor-section-height-default\" data-id=\"79a1362\" data-element_type=\"section\">\n\t\t\t\t\t\t<div class=\"elementor-container elementor-column-gap-default\">\n\t\t\t\t\t<div class=\"elementor-column elementor-col-100 elementor-top-column elementor-element elementor-element-f9d3704\" data-id=\"f9d3704\" data-element_type=\"column\">\n\t\t\t<div class=\"elementor-widget-wrap elementor-element-populated\">\n\t\t\t\t\t\t<div class=\"elementor-element elementor-element-e9e76d1 elementor-widget elementor-widget-text-editor\" data-id=\"e9e76d1\" data-element_type=\"widget\" data-widget_type=\"text-editor.default\">\n\t\t\t\t<div class=\"elementor-widget-container\">\n\t\t\t\t\t\t\t\t\t<p>In 2004, an area of 27,772 km\u00b2 had been deforested from the Amazon rainforest. From this year, there have been drastic reductions in deforestation, reaching a minimum of 4,571 km\u00b2 in 2012. But, since 2016, the forest is suffering from a drastic increase in deforestation, especially in the last 2 years (2019 and 2020). Only in 2019, 10,129 km\u00b2 of forests were destroyed (INPE, 2020a), equivalent to two Federal Districts. Matricardi et al. (2020), generated a map of the area of deforestation and degradation from 1992 to 2014. The total area of degraded forest in this period was 337,427 km\u00b2 and 308,311 km<sup>2<\/sup> were deforested (Fig. 1).<\/p>\t\t\t\t\t\t\t\t<\/div>\n\t\t\t\t<\/div>\n\t\t\t\t\t<\/div>\n\t\t<\/div>\n\t\t\t\t\t<\/div>\n\t\t<\/section>\n\t\t\t\t<section class=\"elementor-section elementor-top-section elementor-element elementor-element-22ac534 elementor-section-boxed elementor-section-height-default elementor-section-height-default\" data-id=\"22ac534\" data-element_type=\"section\">\n\t\t\t\t\t\t<div class=\"elementor-container elementor-column-gap-default\">\n\t\t\t\t\t<div class=\"elementor-column elementor-col-100 elementor-top-column elementor-element elementor-element-418edb3\" data-id=\"418edb3\" data-element_type=\"column\">\n\t\t\t<div class=\"elementor-widget-wrap elementor-element-populated\">\n\t\t\t\t\t\t<div class=\"elementor-element elementor-element-0b50b4e elementor-widget elementor-widget-image\" data-id=\"0b50b4e\" data-element_type=\"widget\" data-widget_type=\"image.default\">\n\t\t\t\t<div class=\"elementor-widget-container\">\n\t\t\t\t\t\t\t\t\t\t\t\t\t\t\t<img fetchpriority=\"high\" decoding=\"async\" width=\"472\" height=\"333\" src=\"https:\/\/oca.eco.br\/wp-content\/uploads\/2020\/10\/desmatamento.jpg\" class=\"attachment-large size-large wp-image-1750\" alt=\"\" srcset=\"https:\/\/oca.eco.br\/wp-content\/uploads\/2020\/10\/desmatamento.jpg 472w, https:\/\/oca.eco.br\/wp-content\/uploads\/2020\/10\/desmatamento-300x212.jpg 300w\" sizes=\"(max-width: 472px) 100vw, 472px\" \/>\t\t\t\t\t\t\t\t\t\t\t\t\t\t\t<\/div>\n\t\t\t\t<\/div>\n\t\t\t\t<div class=\"elementor-element elementor-element-dc915d9 elementor-widget elementor-widget-text-editor\" data-id=\"dc915d9\" data-element_type=\"widget\" data-widget_type=\"text-editor.default\">\n\t\t\t\t<div class=\"elementor-widget-container\">\n\t\t\t\t\t\t\t\t\t<p>Figure 1. The total area that has been affected by human actions, such as deforestation, burning, and degradation over the years 1992 to 2014. Source: Matricardi et al. (2020).<\/p>\t\t\t\t\t\t\t\t<\/div>\n\t\t\t\t<\/div>\n\t\t\t\t\t<\/div>\n\t\t<\/div>\n\t\t\t\t\t<\/div>\n\t\t<\/section>\n\t\t\t\t<section class=\"elementor-section elementor-top-section elementor-element elementor-element-55561e6 elementor-section-boxed elementor-section-height-default elementor-section-height-default\" data-id=\"55561e6\" data-element_type=\"section\">\n\t\t\t\t\t\t<div class=\"elementor-container elementor-column-gap-default\">\n\t\t\t\t\t<div class=\"elementor-column elementor-col-100 elementor-top-column elementor-element elementor-element-69e2f6f\" data-id=\"69e2f6f\" data-element_type=\"column\">\n\t\t\t<div class=\"elementor-widget-wrap elementor-element-populated\">\n\t\t\t\t\t\t<div class=\"elementor-element elementor-element-9da34dc elementor-widget elementor-widget-text-editor\" data-id=\"9da34dc\" data-element_type=\"widget\" data-widget_type=\"text-editor.default\">\n\t\t\t\t<div class=\"elementor-widget-container\">\n\t\t\t\t\t\t\t\t\t<p>The 2020 year was marked by burning in the Amazon (Fig. 2). Up to September, 72,292 outbreaks of fires were observed by INPE's Active Spot Monitoring (INPE, 2020b).<\/p><p>We have already noted that the Amazon is under great pressure from deforestation and fires. But how does this impact the environment? According to Werth and Avissar (2002), the climate in the Amazon responds strongly to deforestation. Thus, the greater the deforestation, the shorter the rainy season, and the region will experience greater periods of heat and dry climate.<\/p><p>Also, Oliveira et al. (2013) showed that the expansion of agriculture in the Amazon may not be beneficial for the farmers themselves. Changes in the region's climate can decrease agricultural productivity by 30%. According to the same author, deforestation in an area of \u200b\u200bthe Amazon rainforest to be replaced by a set of agriculture and pasture is also not viable, with reductions in productivity.<\/p><p>Other problems also occur with deforestation, such as habitat reduction, and in burning, the mass death of animals occurs; in addition to the transport of ashes by the wind to other regions, which can cause respiratory damage and even dark-colored rains.<\/p>\t\t\t\t\t\t\t\t<\/div>\n\t\t\t\t<\/div>\n\t\t\t\t\t<\/div>\n\t\t<\/div>\n\t\t\t\t\t<\/div>\n\t\t<\/section>\n\t\t\t\t<section class=\"elementor-section elementor-top-section elementor-element elementor-element-c86343e elementor-section-boxed elementor-section-height-default elementor-section-height-default\" data-id=\"c86343e\" data-element_type=\"section\">\n\t\t\t\t\t\t<div class=\"elementor-container elementor-column-gap-default\">\n\t\t\t\t\t<div class=\"elementor-column elementor-col-100 elementor-top-column elementor-element elementor-element-3b1a793\" data-id=\"3b1a793\" data-element_type=\"column\">\n\t\t\t<div class=\"elementor-widget-wrap elementor-element-populated\">\n\t\t\t\t\t\t<div class=\"elementor-element elementor-element-df803f3 elementor-widget elementor-widget-image\" data-id=\"df803f3\" data-element_type=\"widget\" data-widget_type=\"image.default\">\n\t\t\t\t<div class=\"elementor-widget-container\">\n\t\t\t\t\t\t\t\t\t\t\t\t\t\t\t<img decoding=\"async\" width=\"880\" height=\"587\" src=\"https:\/\/oca.eco.br\/wp-content\/uploads\/2020\/10\/M_8a.jpg\" class=\"attachment-large size-large wp-image-1751\" alt=\"\" srcset=\"https:\/\/oca.eco.br\/wp-content\/uploads\/2020\/10\/M_8a.jpg 984w, https:\/\/oca.eco.br\/wp-content\/uploads\/2020\/10\/M_8a-300x200.jpg 300w, https:\/\/oca.eco.br\/wp-content\/uploads\/2020\/10\/M_8a-768x512.jpg 768w\" sizes=\"(max-width: 880px) 100vw, 880px\" \/>\t\t\t\t\t\t\t\t\t\t\t\t\t\t\t<\/div>\n\t\t\t\t<\/div>\n\t\t\t\t<div class=\"elementor-element elementor-element-5dc4575 elementor-widget elementor-widget-text-editor\" data-id=\"5dc4575\" data-element_type=\"widget\" data-widget_type=\"text-editor.default\">\n\t\t\t\t<div class=\"elementor-widget-container\">\n\t\t\t\t\t\t\t\t\t<p>Figure 2. Image of fires that occurred on February 27, 2020, in the Amazon. - Photo: Gabriela Bil\u00f3 \/ Estad\u00e3o Content (<a href=\"https:\/\/g1.globo.com\/am\/amazonas\/noticia\/2020\/03\/04\/numero-de-queimadas-nos-dois-primeiros-meses-de-2020-e-maior-dos-ultimos-3-anos.ghtml\">https:\/\/g1.globo.com\/am\/amazonas\/noticia\/2020\/03\/04\/numero-de-queimadas-nos-dois-primeiros-meses-de-2020-e-maior-dos-ultimos-3-anos.ghtml<\/a>).<\/p>\t\t\t\t\t\t\t\t<\/div>\n\t\t\t\t<\/div>\n\t\t\t\t\t<\/div>\n\t\t<\/div>\n\t\t\t\t\t<\/div>\n\t\t<\/section>\n\t\t\t\t<section class=\"elementor-section elementor-top-section elementor-element elementor-element-fd213e1 elementor-section-boxed elementor-section-height-default elementor-section-height-default\" data-id=\"fd213e1\" data-element_type=\"section\">\n\t\t\t\t\t\t<div class=\"elementor-container elementor-column-gap-default\">\n\t\t\t\t\t<div class=\"elementor-column elementor-col-100 elementor-top-column elementor-element elementor-element-9acb20b\" data-id=\"9acb20b\" data-element_type=\"column\">\n\t\t\t<div class=\"elementor-widget-wrap elementor-element-populated\">\n\t\t\t\t\t\t<div class=\"elementor-element elementor-element-b33f2b1 elementor-widget elementor-widget-text-editor\" data-id=\"b33f2b1\" data-element_type=\"widget\" data-widget_type=\"text-editor.default\">\n\t\t\t\t<div class=\"elementor-widget-container\">\n\t\t\t\t\t\t\t\t\t<p><strong>Report deforestation or illegal fires on the Green Line of the Brazilian Environment Institute (IBAMA | +55 0800-61-8080).<\/strong><\/p>\t\t\t\t\t\t\t\t<\/div>\n\t\t\t\t<\/div>\n\t\t\t\t\t<\/div>\n\t\t<\/div>\n\t\t\t\t\t<\/div>\n\t\t<\/section>\n\t\t\t\t<section class=\"elementor-section elementor-top-section elementor-element elementor-element-390396f elementor-section-boxed elementor-section-height-default elementor-section-height-default\" data-id=\"390396f\" data-element_type=\"section\">\n\t\t\t\t\t\t<div class=\"elementor-container elementor-column-gap-default\">\n\t\t\t\t\t<div class=\"elementor-column elementor-col-100 elementor-top-column elementor-element elementor-element-2709c38\" data-id=\"2709c38\" data-element_type=\"column\">\n\t\t\t<div class=\"elementor-widget-wrap elementor-element-populated\">\n\t\t\t\t\t\t<div class=\"elementor-element elementor-element-fd3080c elementor-widget elementor-widget-heading\" data-id=\"fd3080c\" data-element_type=\"widget\" data-widget_type=\"heading.default\">\n\t\t\t\t<div class=\"elementor-widget-container\">\n\t\t\t\t\t<h2 class=\"elementor-heading-title elementor-size-default\">References<\/h2>\t\t\t\t<\/div>\n\t\t\t\t<\/div>\n\t\t\t\t\t<\/div>\n\t\t<\/div>\n\t\t\t\t\t<\/div>\n\t\t<\/section>\n\t\t\t\t<section class=\"elementor-section elementor-top-section elementor-element elementor-element-49ab945 elementor-section-boxed elementor-section-height-default elementor-section-height-default\" data-id=\"49ab945\" data-element_type=\"section\">\n\t\t\t\t\t\t<div class=\"elementor-container elementor-column-gap-default\">\n\t\t\t\t\t<div class=\"elementor-column elementor-col-100 elementor-top-column elementor-element elementor-element-d6fa9e5\" data-id=\"d6fa9e5\" data-element_type=\"column\">\n\t\t\t<div class=\"elementor-widget-wrap elementor-element-populated\">\n\t\t\t\t\t\t<div class=\"elementor-element elementor-element-c33193d elementor-widget elementor-widget-text-editor\" data-id=\"c33193d\" data-element_type=\"widget\" data-widget_type=\"text-editor.default\">\n\t\t\t\t<div class=\"elementor-widget-container\">\n\t\t\t\t\t\t\t\t\t<p>INPE, 2020a. PRODES, Monitoramento do Desmatamento da Floresta Amaz\u00f4nica Brasileira por Sat\u00e9lite. <a href=\"http:\/\/www.obt.inpe.br\/OBT\/assuntos\/programas\/amazonia\/prodes\">http:\/\/www.obt.inpe.br\/OBT\/assuntos\/programas\/amazonia\/prodes<\/a>.<\/p><p>INPE, 2020b. Monitoramento dos Focos Ativos por Bioma. <a href=\"http:\/\/queimadas.dgi.inpe.br\/queimadas\/portal-static\/estatisticas_estados\/\">http:\/\/queimadas.dgi.inpe.br\/queimadas\/portal-static\/estatisticas_estados\/<\/a>.<\/p><p>Matricardi, E. A. T., Skole, D. L., Costa, O. B., Pedlowski, M. A., Samek, J. H., &amp; Miguel, E. P. (2020). Long-term forest degradation surpasses deforestation in the Brazilian Amazon. Science, 369(6509), 1378-1382.<\/p><p>Werth, D., &amp; Avissar, R., 2002. The local and global effects of Amazon deforestation. Journal of Geophysical Research: Atmospheres, 107 (D20), LBA-55. <a href=\"https:\/\/agupubs.onlinelibrary.wiley.com\/doi\/epdf\/10.1029\/2001JD000717\">https:\/\/agupubs.onlinelibrary.wiley.com\/doi\/epdf\/10.1029\/2001JD000717<\/a>.<\/p>\t\t\t\t\t\t\t\t<\/div>\n\t\t\t\t<\/div>\n\t\t\t\t\t<\/div>\n\t\t<\/div>\n\t\t\t\t\t<\/div>\n\t\t<\/section>\n\t\t\t\t<section class=\"elementor-section elementor-top-section elementor-element elementor-element-0b74d33 elementor-section-boxed elementor-section-height-default elementor-section-height-default\" data-id=\"0b74d33\" data-element_type=\"section\">\n\t\t\t\t\t\t<div class=\"elementor-container elementor-column-gap-default\">\n\t\t\t\t\t<div class=\"elementor-column elementor-col-100 elementor-top-column elementor-element elementor-element-b38330c\" data-id=\"b38330c\" data-element_type=\"column\">\n\t\t\t<div class=\"elementor-widget-wrap elementor-element-populated\">\n\t\t\t\t\t\t<div class=\"elementor-element elementor-element-38e2984 elementor-share-buttons--view-icon elementor-share-buttons--shape-circle elementor-share-buttons--skin-gradient elementor-grid-0 elementor-share-buttons--color-official elementor-widget elementor-widget-share-buttons\" data-id=\"38e2984\" data-element_type=\"widget\" data-widget_type=\"share-buttons.default\">\n\t\t\t\t<div class=\"elementor-widget-container\">\n\t\t\t\t\t\t\t<div class=\"elementor-grid\" role=\"list\">\n\t\t\t\t\t\t\t\t<div class=\"elementor-grid-item\" role=\"listitem\">\n\t\t\t\t\t\t<div class=\"elementor-share-btn elementor-share-btn_facebook\" role=\"button\" tabindex=\"0\" aria-label=\"Share on facebook\" data-no-translation-aria-label=\"\">\n\t\t\t\t\t\t\t\t\t\t\t\t\t\t\t<span class=\"elementor-share-btn__icon\">\n\t\t\t\t\t\t\t\t<i class=\"fab fa-facebook\" aria-hidden=\"true\"><\/i>\t\t\t\t\t\t\t<\/span>\n\t\t\t\t\t\t\t\t\t\t\t\t\t\t\t\t\t\t\t\t<\/div>\n\t\t\t\t\t<\/div>\n\t\t\t\t\t\t\t\t\t<div class=\"elementor-grid-item\" role=\"listitem\">\n\t\t\t\t\t\t<div class=\"elementor-share-btn elementor-share-btn_twitter\" role=\"button\" tabindex=\"0\" aria-label=\"Share on twitter\" data-no-translation-aria-label=\"\">\n\t\t\t\t\t\t\t\t\t\t\t\t\t\t\t<span class=\"elementor-share-btn__icon\">\n\t\t\t\t\t\t\t\t<i class=\"fab fa-twitter\" aria-hidden=\"true\"><\/i>\t\t\t\t\t\t\t<\/span>\n\t\t\t\t\t\t\t\t\t\t\t\t\t\t\t\t\t\t\t\t<\/div>\n\t\t\t\t\t<\/div>\n\t\t\t\t\t\t<\/div>\n\t\t\t\t\t\t<\/div>\n\t\t\t\t<\/div>\n\t\t\t\t\t<\/div>\n\t\t<\/div>\n\t\t\t\t\t<\/div>\n\t\t<\/section>\n\t\t\t\t<\/div>","protected":false},"excerpt":{"rendered":"<p>No ano de 2004,\u00a0 uma \u00e1rea de 27.772 km\u00b2 havia sido desmatado da floresta amaz\u00f4nica. A partir deste ano, houve dr\u00e1sticas redu\u00e7\u00f5es no desmatamento, atingindo um m\u00ednimo de 4.571 km\u00b2 em 2012. A partir de 2016, a floresta est\u00e1 sofrendo com o aumento dr\u00e1stico de desmatamento, principalmente nos \u00faltimos 2 anos (2019 e 2020). Somente[&hellip;]<\/p>","protected":false},"author":1,"featured_media":1751,"comment_status":"open","ping_status":"open","sticky":false,"template":"","format":"standard","meta":{"zakra_general_container_width":0,"zakra_general_content_width":0,"zakra_general_sidebar_width":0,"zakra_sticky_header":"customizer","zakra_header_main_area":true,"zakra_site_logo_width":0,"zakra_header_top_enabled":"customizer","zakra_header_top_style":"customizer","zakra_primary_menu_item_style":"customizer","zakra_page_header_text_color":"","zakra_page_header_layout":"customizer","zakra_page_title_bg":"","zakra_footer_widgets_bg_image":0,"zakra_page_title_bg_repeat":"customizer","zakra_page_title_bg_position":"customizer","zakra_page_title_bg_size":"customizer","zakra_page_title_bg_attachment":"customizer","zakra_breadcrumbs_enabled":"customizer","zakra_breadcrumbs_text_color":"","zakra_breadcrumbs_separator_color":"","zakra_breadcrumbs_link_color":"","zakra_breadcrumbs_link_hover_color":"","zakra_page_title_bg_image":0,"zakra_footer_widgets_enabled":"customizer","zakra_footer_column_layout_1_style":"customizer","zakra_footer_widgets_bg":"","zakra_footer_widgets_bg_repeat":"customizer","zakra_footer_widgets_bg_position":"customizer","zakra_footer_widgets_bg_size":"customizer","zakra_footer_widgets_bg_attachment":"customizer","zakra_footer_bar_enabled":"customizer","zakra_footer_bar_style":"customizer","zakra_page_container_layout":"customizer","zakra_page_sidebar_layout":"customizer","zakra_remove_content_margin":false,"zakra_sidebar":"customizer","zakra_transparent_header":"customizer","zakra_logo":0,"zakra_main_header_style":"default","zakra_menu_item_color":"","zakra_menu_item_hover_color":"","zakra_menu_item_active_color":"","zakra_menu_active_style":"","zakra_page_header":true,"footnotes":""},"categories":[1],"tags":[],"class_list":["post-1747","post","type-post","status-publish","format-standard","has-post-thumbnail","hentry","category-amazonia"],"_links":{"self":[{"href":"https:\/\/oca.eco.br\/en\/wp-json\/wp\/v2\/posts\/1747","targetHints":{"allow":["GET"]}}],"collection":[{"href":"https:\/\/oca.eco.br\/en\/wp-json\/wp\/v2\/posts"}],"about":[{"href":"https:\/\/oca.eco.br\/en\/wp-json\/wp\/v2\/types\/post"}],"author":[{"embeddable":true,"href":"https:\/\/oca.eco.br\/en\/wp-json\/wp\/v2\/users\/1"}],"replies":[{"embeddable":true,"href":"https:\/\/oca.eco.br\/en\/wp-json\/wp\/v2\/comments?post=1747"}],"version-history":[{"count":0,"href":"https:\/\/oca.eco.br\/en\/wp-json\/wp\/v2\/posts\/1747\/revisions"}],"wp:featuredmedia":[{"embeddable":true,"href":"https:\/\/oca.eco.br\/en\/wp-json\/wp\/v2\/media\/1751"}],"wp:attachment":[{"href":"https:\/\/oca.eco.br\/en\/wp-json\/wp\/v2\/media?parent=1747"}],"wp:term":[{"taxonomy":"category","embeddable":true,"href":"https:\/\/oca.eco.br\/en\/wp-json\/wp\/v2\/categories?post=1747"},{"taxonomy":"post_tag","embeddable":true,"href":"https:\/\/oca.eco.br\/en\/wp-json\/wp\/v2\/tags?post=1747"}],"curies":[{"name":"wp","href":"https:\/\/api.w.org\/{rel}","templated":true}]}}