{"id":1679,"date":"2020-09-15T16:14:05","date_gmt":"2020-09-15T19:14:05","guid":{"rendered":"http:\/\/oca.eco.br\/?p=1679"},"modified":"2021-03-12T10:23:26","modified_gmt":"2021-03-12T13:23:26","slug":"a-morfodinamica-praial-na-ilha-de-maiandeua-algodoal-pa","status":"publish","type":"post","link":"https:\/\/oca.eco.br\/pt_br\/a-morfodinamica-praial-na-ilha-de-maiandeua-algodoal-pa\/","title":{"rendered":"A morfodin\u00e2mica praial na ilha de Maiandeua (Algodoal) &#8211; PA"},"content":{"rendered":"\t\t<div data-elementor-type=\"wp-post\" data-elementor-id=\"1679\" class=\"elementor elementor-1679\" data-elementor-post-type=\"post\">\n\t\t\t\t\t\t<section class=\"elementor-section elementor-top-section elementor-element elementor-element-d42a495 elementor-section-boxed elementor-section-height-default elementor-section-height-default\" data-id=\"d42a495\" data-element_type=\"section\">\n\t\t\t\t\t\t<div class=\"elementor-container elementor-column-gap-default\">\n\t\t\t\t\t<div class=\"elementor-column elementor-col-100 elementor-top-column elementor-element elementor-element-8bc126d\" data-id=\"8bc126d\" data-element_type=\"column\">\n\t\t\t<div class=\"elementor-widget-wrap elementor-element-populated\">\n\t\t\t\t\t\t<div class=\"elementor-element elementor-element-5f133a7 elementor-widget elementor-widget-post-info\" data-id=\"5f133a7\" data-element_type=\"widget\" data-widget_type=\"post-info.default\">\n\t\t\t\t<div class=\"elementor-widget-container\">\n\t\t\t\t\t\t\t<ul class=\"elementor-inline-items elementor-icon-list-items elementor-post-info\">\n\t\t\t\t\t\t\t\t<li class=\"elementor-icon-list-item elementor-repeater-item-0e11573 elementor-inline-item\" itemprop=\"author\">\n\t\t\t\t\t\t<a href=\"https:\/\/oca.eco.br\/pt_br\/author\/lapmar-sites\/\">\n\t\t\t\t\t\t\t\t\t\t\t<span class=\"elementor-icon-list-icon\">\n\t\t\t\t\t\t\t\t<i aria-hidden=\"true\" class=\"far fa-user-circle\"><\/i>\t\t\t\t\t\t\t<\/span>\n\t\t\t\t\t\t\t\t\t<span class=\"elementor-icon-list-text elementor-post-info__item elementor-post-info__item--type-author\">\n\t\t\t\t\t\t\t\t\t\tlapmar.sites\t\t\t\t\t<\/span>\n\t\t\t\t\t\t\t\t\t<\/a>\n\t\t\t\t<\/li>\n\t\t\t\t<li class=\"elementor-icon-list-item elementor-repeater-item-5227600 elementor-inline-item\" itemprop=\"datePublished\">\n\t\t\t\t\t\t<a href=\"https:\/\/oca.eco.br\/pt_br\/2020\/09\/15\/\">\n\t\t\t\t\t\t\t\t\t\t\t<span class=\"elementor-icon-list-icon\">\n\t\t\t\t\t\t\t\t<i aria-hidden=\"true\" class=\"fas fa-calendar\"><\/i>\t\t\t\t\t\t\t<\/span>\n\t\t\t\t\t\t\t\t\t<span class=\"elementor-icon-list-text elementor-post-info__item elementor-post-info__item--type-date\">\n\t\t\t\t\t\t\t\t\t\t<time>setembro 15, 2020<\/time>\t\t\t\t\t<\/span>\n\t\t\t\t\t\t\t\t\t<\/a>\n\t\t\t\t<\/li>\n\t\t\t\t<li class=\"elementor-icon-list-item elementor-repeater-item-bd0bb99 elementor-inline-item\" itemprop=\"commentCount\">\n\t\t\t\t\t\t<a href=\"https:\/\/oca.eco.br\/pt_br\/a-morfodinamica-praial-na-ilha-de-maiandeua-algodoal-pa\/#respond\">\n\t\t\t\t\t\t\t\t\t\t\t<span class=\"elementor-icon-list-icon\">\n\t\t\t\t\t\t\t\t<i aria-hidden=\"true\" class=\"far fa-comment-dots\"><\/i>\t\t\t\t\t\t\t<\/span>\n\t\t\t\t\t\t\t\t\t<span class=\"elementor-icon-list-text elementor-post-info__item elementor-post-info__item--type-comments\">\n\t\t\t\t\t\t\t\t\t\tSem Coment\u00e1rios\t\t\t\t\t<\/span>\n\t\t\t\t\t\t\t\t\t<\/a>\n\t\t\t\t<\/li>\n\t\t\t\t<\/ul>\n\t\t\t\t\t\t<\/div>\n\t\t\t\t<\/div>\n\t\t\t\t\t<\/div>\n\t\t<\/div>\n\t\t\t\t\t<\/div>\n\t\t<\/section>\n\t\t\t\t<section class=\"elementor-section elementor-top-section elementor-element elementor-element-3170d34 elementor-section-boxed elementor-section-height-default elementor-section-height-default\" data-id=\"3170d34\" data-element_type=\"section\">\n\t\t\t\t\t\t<div class=\"elementor-container elementor-column-gap-default\">\n\t\t\t\t\t<div class=\"elementor-column elementor-col-100 elementor-top-column elementor-element elementor-element-20e262d\" data-id=\"20e262d\" data-element_type=\"column\">\n\t\t\t<div class=\"elementor-widget-wrap elementor-element-populated\">\n\t\t\t\t\t\t<div class=\"elementor-element elementor-element-7e183ad elementor-widget elementor-widget-text-editor\" data-id=\"7e183ad\" data-element_type=\"widget\" data-widget_type=\"text-editor.default\">\n\t\t\t\t<div class=\"elementor-widget-container\">\n\t\t\t\t\t\t\t\t\t<p>Voc\u00ea frequenta muitas praias? Viajou nas f\u00e9rias e aproveitou o sol e o mar? Ent\u00e3o voc\u00ea j\u00e1 deve ter percebido que o formato de uma praia modifica com o passar do tempo.<\/p><p>Essas mudan\u00e7as influenciam no ganho e na perda de sedimentos da praia dependendo do per\u00edodo sazonal. Este processo \u00e9 chamado de balan\u00e7o sedimentar. Se o material sedimentar for adicionado, como areias, existir\u00e1 um suprimento sedimentar. Entretanto, se o material da praia for removido, h\u00e1 um d\u00e9ficit sedimentar.<\/p><p>O d\u00e9ficit sedimentar anual, ou seja, h\u00e1 remo\u00e7\u00e3o de sedimento durante todo o ano, significa que determinada praia est\u00e1 em processo de eros\u00e3o. Os principais processos que atuam sobre a din\u00e2mica praial s\u00e3o: o regime de ondas; mar\u00e9s; correntes; ventos; o tipo de sedimento presente na praia; o estoque sedimentar dispon\u00edvel, como fal\u00e9sias e dunas; al\u00e9m da a\u00e7\u00e3o humana sobre as praias.<\/p><p>Ent\u00e3o como \u00e9 poss\u00edvel avaliar essas varia\u00e7\u00f5es morfol\u00f3gicas das praias? Bem, para isso, \u00e9 necess\u00e1rio medir o perfil praial. Esta medi\u00e7\u00e3o utiliza um n\u00edvel convencional e uma mira, exemplificado na foto abaixo:<\/p>\t\t\t\t\t\t\t\t<\/div>\n\t\t\t\t<\/div>\n\t\t\t\t\t<\/div>\n\t\t<\/div>\n\t\t\t\t\t<\/div>\n\t\t<\/section>\n\t\t\t\t<section class=\"elementor-section elementor-top-section elementor-element elementor-element-73ab1ec elementor-section-boxed elementor-section-height-default elementor-section-height-default\" data-id=\"73ab1ec\" data-element_type=\"section\">\n\t\t\t\t\t\t<div class=\"elementor-container elementor-column-gap-default\">\n\t\t\t\t\t<div class=\"elementor-column elementor-col-100 elementor-top-column elementor-element elementor-element-1c80b58\" data-id=\"1c80b58\" data-element_type=\"column\">\n\t\t\t<div class=\"elementor-widget-wrap elementor-element-populated\">\n\t\t\t\t\t\t<div class=\"elementor-element elementor-element-6573690 elementor-widget elementor-widget-image\" data-id=\"6573690\" data-element_type=\"widget\" data-widget_type=\"image.default\">\n\t\t\t\t<div class=\"elementor-widget-container\">\n\t\t\t\t\t\t\t\t\t\t\t\t\t\t\t<img fetchpriority=\"high\" decoding=\"async\" width=\"880\" height=\"495\" src=\"https:\/\/oca.eco.br\/wp-content\/uploads\/2020\/09\/M3.png\" class=\"attachment-large size-large wp-image-1677\" alt=\"\" srcset=\"https:\/\/oca.eco.br\/wp-content\/uploads\/2020\/09\/M3.png 1000w, https:\/\/oca.eco.br\/wp-content\/uploads\/2020\/09\/M3-300x169.png 300w, https:\/\/oca.eco.br\/wp-content\/uploads\/2020\/09\/M3-768x432.png 768w\" sizes=\"(max-width: 880px) 100vw, 880px\" \/>\t\t\t\t\t\t\t\t\t\t\t\t\t\t\t<\/div>\n\t\t\t\t<\/div>\n\t\t\t\t\t<\/div>\n\t\t<\/div>\n\t\t\t\t\t<\/div>\n\t\t<\/section>\n\t\t\t\t<section class=\"elementor-section elementor-top-section elementor-element elementor-element-0648d1e elementor-section-boxed elementor-section-height-default elementor-section-height-default\" data-id=\"0648d1e\" data-element_type=\"section\">\n\t\t\t\t\t\t<div class=\"elementor-container elementor-column-gap-default\">\n\t\t\t\t\t<div class=\"elementor-column elementor-col-100 elementor-top-column elementor-element elementor-element-d70ac67\" data-id=\"d70ac67\" data-element_type=\"column\">\n\t\t\t<div class=\"elementor-widget-wrap elementor-element-populated\">\n\t\t\t\t\t\t<div class=\"elementor-element elementor-element-98e5109 elementor-widget elementor-widget-text-editor\" data-id=\"98e5109\" data-element_type=\"widget\" data-widget_type=\"text-editor.default\">\n\t\t\t\t<div class=\"elementor-widget-container\">\n\t\t\t\t\t\t\t\t\t<p>Figura 1. Levantamento do Perfil Praial pela Universidade Federal de Alagoas. Fonte: <a href=\"https:\/\/ufal.br\/ufal\/noticias\/2019\/3\/pesquisa-mostra-grau-de-vulnerabilidade-a-erosao-na-barra-de-sao-miguel\">https:\/\/ufal.br\/ufal\/noticias\/2019\/3\/pesquisa-mostra-grau-de-vulnerabilidade-a-erosao-na-barra-de-sao-miguel<\/a><\/p>\t\t\t\t\t\t\t\t<\/div>\n\t\t\t\t<\/div>\n\t\t\t\t\t<\/div>\n\t\t<\/div>\n\t\t\t\t\t<\/div>\n\t\t<\/section>\n\t\t\t\t<section class=\"elementor-section elementor-top-section elementor-element elementor-element-c465df5 elementor-section-boxed elementor-section-height-default elementor-section-height-default\" data-id=\"c465df5\" data-element_type=\"section\">\n\t\t\t\t\t\t<div class=\"elementor-container elementor-column-gap-default\">\n\t\t\t\t\t<div class=\"elementor-column elementor-col-100 elementor-top-column elementor-element elementor-element-23c245e\" data-id=\"23c245e\" data-element_type=\"column\">\n\t\t\t<div class=\"elementor-widget-wrap elementor-element-populated\">\n\t\t\t\t\t\t<div class=\"elementor-element elementor-element-ed33e01 elementor-widget elementor-widget-text-editor\" data-id=\"ed33e01\" data-element_type=\"widget\" data-widget_type=\"text-editor.default\">\n\t\t\t\t<div class=\"elementor-widget-container\">\n\t\t\t\t\t\t\t\t\t<p>Assim, Borba (2011) analisou o balan\u00e7o sedimentar para uma praia da ilha de Maiandeua (Algodoal), localizado no estado do Par\u00e1. A autora calculou o balan\u00e7o sedimentar para o per\u00edodo de 9 dias, durante per\u00edodo seco, na praia da Caixa d\u2019\u00e1gua.<\/p>\t\t\t\t\t\t\t\t<\/div>\n\t\t\t\t<\/div>\n\t\t\t\t\t<\/div>\n\t\t<\/div>\n\t\t\t\t\t<\/div>\n\t\t<\/section>\n\t\t\t\t<section class=\"elementor-section elementor-top-section elementor-element elementor-element-0b615d8 elementor-section-boxed elementor-section-height-default elementor-section-height-default\" data-id=\"0b615d8\" data-element_type=\"section\">\n\t\t\t\t\t\t<div class=\"elementor-container elementor-column-gap-default\">\n\t\t\t\t\t<div class=\"elementor-column elementor-col-100 elementor-top-column elementor-element elementor-element-f7f9de2\" data-id=\"f7f9de2\" data-element_type=\"column\">\n\t\t\t<div class=\"elementor-widget-wrap elementor-element-populated\">\n\t\t\t\t\t\t<div class=\"elementor-element elementor-element-880e173 elementor-widget elementor-widget-image\" data-id=\"880e173\" data-element_type=\"widget\" data-widget_type=\"image.default\">\n\t\t\t\t<div class=\"elementor-widget-container\">\n\t\t\t\t\t\t\t\t\t\t\t\t\t\t\t<img decoding=\"async\" width=\"367\" height=\"372\" src=\"https:\/\/oca.eco.br\/wp-content\/uploads\/2020\/09\/M3_a.png\" class=\"attachment-large size-large wp-image-1678\" alt=\"\" srcset=\"https:\/\/oca.eco.br\/wp-content\/uploads\/2020\/09\/M3_a.png 367w, https:\/\/oca.eco.br\/wp-content\/uploads\/2020\/09\/M3_a-296x300.png 296w\" sizes=\"(max-width: 367px) 100vw, 367px\" \/>\t\t\t\t\t\t\t\t\t\t\t\t\t\t\t<\/div>\n\t\t\t\t<\/div>\n\t\t\t\t\t<\/div>\n\t\t<\/div>\n\t\t\t\t\t<\/div>\n\t\t<\/section>\n\t\t\t\t<section class=\"elementor-section elementor-top-section elementor-element elementor-element-1f37bfc elementor-section-boxed elementor-section-height-default elementor-section-height-default\" data-id=\"1f37bfc\" data-element_type=\"section\">\n\t\t\t\t\t\t<div class=\"elementor-container elementor-column-gap-default\">\n\t\t\t\t\t<div class=\"elementor-column elementor-col-100 elementor-top-column elementor-element elementor-element-0b0991c\" data-id=\"0b0991c\" data-element_type=\"column\">\n\t\t\t<div class=\"elementor-widget-wrap elementor-element-populated\">\n\t\t\t\t\t\t<div class=\"elementor-element elementor-element-2d7e655 elementor-widget elementor-widget-text-editor\" data-id=\"2d7e655\" data-element_type=\"widget\" data-widget_type=\"text-editor.default\">\n\t\t\t\t<div class=\"elementor-widget-container\">\n\t\t\t\t\t\t\t\t\t<p>Figura 2. Localiza\u00e7\u00e3o da \u00e1rea de estudo. (A) localiza\u00e7\u00e3o na Am\u00e9rica do Sul, (B) localiza\u00e7\u00e3o segundo fisiografias adjacentes, (C) localiza\u00e7\u00e3o das praias objeto de estudo, (D) Fonte: Florida Center for Instructional Technology, esquema da coleta dos dados do perfil praial.<\/p>\t\t\t\t\t\t\t\t<\/div>\n\t\t\t\t<\/div>\n\t\t\t\t\t<\/div>\n\t\t<\/div>\n\t\t\t\t\t<\/div>\n\t\t<\/section>\n\t\t\t\t<section class=\"elementor-section elementor-top-section elementor-element elementor-element-f30588a elementor-section-boxed elementor-section-height-default elementor-section-height-default\" data-id=\"f30588a\" data-element_type=\"section\">\n\t\t\t\t\t\t<div class=\"elementor-container elementor-column-gap-default\">\n\t\t\t\t\t<div class=\"elementor-column elementor-col-100 elementor-top-column elementor-element elementor-element-33dd05d\" data-id=\"33dd05d\" data-element_type=\"column\">\n\t\t\t<div class=\"elementor-widget-wrap elementor-element-populated\">\n\t\t\t\t\t\t<div class=\"elementor-element elementor-element-5abc273 elementor-widget elementor-widget-text-editor\" data-id=\"5abc273\" data-element_type=\"widget\" data-widget_type=\"text-editor.default\">\n\t\t\t\t<div class=\"elementor-widget-container\">\n\t\t\t\t\t\t\t\t\t<p>Nesse per\u00edodo, a autora observou uma perda sedimentar de 163,84 m\u00b3. Isso equivale a 163 caixas d\u2019\u00e1gua de 1000 L gastos em 9 dias! D\u00e1 pra acreditar? A maior perda ocorreu na por\u00e7\u00e3o mais \u00edngreme da praia devido \u00e0 grande influ\u00eancia da varia\u00e7\u00e3o da mar\u00e9, que \u00e9 classificada como macromar\u00e9, com alturas de 4,5m!<\/p><p>Ent\u00e3o da pr\u00f3xima vez que for a praia j\u00e1 sabe que ela vai estar diferente da sua lembran\u00e7a, sempre mudando e se moldando de acordo com a mar\u00e9 e as ondas!<\/p>\t\t\t\t\t\t\t\t<\/div>\n\t\t\t\t<\/div>\n\t\t\t\t\t<\/div>\n\t\t<\/div>\n\t\t\t\t\t<\/div>\n\t\t<\/section>\n\t\t\t\t<section class=\"elementor-section elementor-top-section elementor-element elementor-element-29ed247 elementor-section-boxed elementor-section-height-default elementor-section-height-default\" data-id=\"29ed247\" data-element_type=\"section\">\n\t\t\t\t\t\t<div class=\"elementor-container elementor-column-gap-default\">\n\t\t\t\t\t<div class=\"elementor-column elementor-col-100 elementor-top-column elementor-element elementor-element-e9b3bdd\" data-id=\"e9b3bdd\" data-element_type=\"column\">\n\t\t\t<div class=\"elementor-widget-wrap elementor-element-populated\">\n\t\t\t\t\t\t<div class=\"elementor-element elementor-element-9d6dcdf elementor-widget elementor-widget-heading\" data-id=\"9d6dcdf\" data-element_type=\"widget\" data-widget_type=\"heading.default\">\n\t\t\t\t<div class=\"elementor-widget-container\">\n\t\t\t\t\t<h2 class=\"elementor-heading-title elementor-size-default\">Refer\u00eancias<\/h2>\t\t\t\t<\/div>\n\t\t\t\t<\/div>\n\t\t\t\t\t<\/div>\n\t\t<\/div>\n\t\t\t\t\t<\/div>\n\t\t<\/section>\n\t\t\t\t<section class=\"elementor-section elementor-top-section elementor-element elementor-element-6d37500 elementor-section-boxed elementor-section-height-default elementor-section-height-default\" data-id=\"6d37500\" data-element_type=\"section\">\n\t\t\t\t\t\t<div class=\"elementor-container elementor-column-gap-default\">\n\t\t\t\t\t<div class=\"elementor-column elementor-col-100 elementor-top-column elementor-element elementor-element-98681cd\" data-id=\"98681cd\" data-element_type=\"column\">\n\t\t\t<div class=\"elementor-widget-wrap elementor-element-populated\">\n\t\t\t\t\t\t<div class=\"elementor-element elementor-element-8b9a9ef elementor-widget elementor-widget-text-editor\" data-id=\"8b9a9ef\" data-element_type=\"widget\" data-widget_type=\"text-editor.default\">\n\t\t\t\t<div class=\"elementor-widget-container\">\n\t\t\t\t\t\t\t\t\t<p>Borba T. A. C. 2011. MORFODIN\u00c2MICA E HIDRODIN\u00c2MICA DE PRAIAS DO LITORAL NORDESTE PARAENSE, BRASIL. Trabalho de Conclus\u00e3o de Curso (Gradua\u00e7\u00e3o), Instituto de Geoci\u00eancias Universidade Federal do Par\u00e1, Bel\u00e9m (PA). Dispon\u00edvel em: <a href=\"http:\/\/bdm.ufpa.br\/jspui\/handle\/prefix\/1867\">http:\/\/bdm.ufpa.br\/jspui\/handle\/prefix\/1867<\/a><\/p>\t\t\t\t\t\t\t\t<\/div>\n\t\t\t\t<\/div>\n\t\t\t\t\t<\/div>\n\t\t<\/div>\n\t\t\t\t\t<\/div>\n\t\t<\/section>\n\t\t\t\t<section class=\"elementor-section elementor-top-section elementor-element elementor-element-adf410d elementor-section-boxed elementor-section-height-default elementor-section-height-default\" data-id=\"adf410d\" data-element_type=\"section\">\n\t\t\t\t\t\t<div class=\"elementor-container elementor-column-gap-default\">\n\t\t\t\t\t<div class=\"elementor-column elementor-col-100 elementor-top-column elementor-element elementor-element-94720de\" data-id=\"94720de\" data-element_type=\"column\">\n\t\t\t<div class=\"elementor-widget-wrap elementor-element-populated\">\n\t\t\t\t\t\t<div class=\"elementor-element elementor-element-7f41323 elementor-share-buttons--view-icon elementor-share-buttons--shape-circle elementor-share-buttons--skin-gradient elementor-grid-0 elementor-share-buttons--color-official elementor-widget elementor-widget-share-buttons\" data-id=\"7f41323\" data-element_type=\"widget\" data-widget_type=\"share-buttons.default\">\n\t\t\t\t<div class=\"elementor-widget-container\">\n\t\t\t\t\t\t\t<div class=\"elementor-grid\" role=\"list\">\n\t\t\t\t\t\t\t\t<div class=\"elementor-grid-item\" role=\"listitem\">\n\t\t\t\t\t\t<div class=\"elementor-share-btn elementor-share-btn_facebook\" role=\"button\" tabindex=\"0\" aria-label=\"Compartilhar no facebook\">\n\t\t\t\t\t\t\t\t\t\t\t\t\t\t\t<span class=\"elementor-share-btn__icon\">\n\t\t\t\t\t\t\t\t<i class=\"fab fa-facebook\" aria-hidden=\"true\"><\/i>\t\t\t\t\t\t\t<\/span>\n\t\t\t\t\t\t\t\t\t\t\t\t\t\t\t\t\t\t\t\t<\/div>\n\t\t\t\t\t<\/div>\n\t\t\t\t\t\t\t\t\t<div class=\"elementor-grid-item\" role=\"listitem\">\n\t\t\t\t\t\t<div class=\"elementor-share-btn elementor-share-btn_twitter\" role=\"button\" tabindex=\"0\" aria-label=\"Compartilhar no twitter\">\n\t\t\t\t\t\t\t\t\t\t\t\t\t\t\t<span class=\"elementor-share-btn__icon\">\n\t\t\t\t\t\t\t\t<i class=\"fab fa-twitter\" aria-hidden=\"true\"><\/i>\t\t\t\t\t\t\t<\/span>\n\t\t\t\t\t\t\t\t\t\t\t\t\t\t\t\t\t\t\t\t<\/div>\n\t\t\t\t\t<\/div>\n\t\t\t\t\t\t<\/div>\n\t\t\t\t\t\t<\/div>\n\t\t\t\t<\/div>\n\t\t\t\t\t<\/div>\n\t\t<\/div>\n\t\t\t\t\t<\/div>\n\t\t<\/section>\n\t\t\t\t<\/div>\n\t\t","protected":false},"excerpt":{"rendered":"<p>Voc\u00ea frequenta muitas praias? Viajou nas f\u00e9rias e aproveitou o sol e o mar? Ent\u00e3o voc\u00ea j\u00e1 deve ter percebido que o formato de uma praia modifica com o passar do tempo. Essas mudan\u00e7as influenciam no ganho e na perda de sedimentos da praia dependendo do per\u00edodo sazonal. Este processo \u00e9 chamado de balan\u00e7o sedimentar.[&hellip;]<\/p>\n","protected":false},"author":1,"featured_media":0,"comment_status":"open","ping_status":"open","sticky":false,"template":"","format":"standard","meta":{"zakra_general_container_width":0,"zakra_general_content_width":0,"zakra_general_sidebar_width":0,"zakra_sticky_header":"customizer","zakra_header_main_area":true,"zakra_site_logo_width":0,"zakra_header_top_enabled":"customizer","zakra_header_top_style":"customizer","zakra_primary_menu_item_style":"customizer","zakra_page_header_text_color":"","zakra_page_header_layout":"customizer","zakra_page_title_bg":"","zakra_footer_widgets_bg_image":0,"zakra_page_title_bg_repeat":"customizer","zakra_page_title_bg_position":"customizer","zakra_page_title_bg_size":"customizer","zakra_page_title_bg_attachment":"customizer","zakra_breadcrumbs_enabled":"customizer","zakra_breadcrumbs_text_color":"","zakra_breadcrumbs_separator_color":"","zakra_breadcrumbs_link_color":"","zakra_breadcrumbs_link_hover_color":"","zakra_page_title_bg_image":0,"zakra_footer_widgets_enabled":"customizer","zakra_footer_column_layout_1_style":"customizer","zakra_footer_widgets_bg":"","zakra_footer_widgets_bg_repeat":"customizer","zakra_footer_widgets_bg_position":"customizer","zakra_footer_widgets_bg_size":"customizer","zakra_footer_widgets_bg_attachment":"customizer","zakra_footer_bar_enabled":"customizer","zakra_footer_bar_style":"customizer","zakra_page_container_layout":"customizer","zakra_page_sidebar_layout":"customizer","zakra_remove_content_margin":false,"zakra_sidebar":"customizer","zakra_transparent_header":"customizer","zakra_logo":0,"zakra_main_header_style":"default","zakra_menu_item_color":"","zakra_menu_item_hover_color":"","zakra_menu_item_active_color":"","zakra_menu_active_style":"","zakra_page_header":true,"footnotes":""},"categories":[37],"tags":[],"class_list":["post-1679","post","type-post","status-publish","format-standard","hentry","category-conheca-o-ambiente"],"_links":{"self":[{"href":"https:\/\/oca.eco.br\/pt_br\/wp-json\/wp\/v2\/posts\/1679","targetHints":{"allow":["GET"]}}],"collection":[{"href":"https:\/\/oca.eco.br\/pt_br\/wp-json\/wp\/v2\/posts"}],"about":[{"href":"https:\/\/oca.eco.br\/pt_br\/wp-json\/wp\/v2\/types\/post"}],"author":[{"embeddable":true,"href":"https:\/\/oca.eco.br\/pt_br\/wp-json\/wp\/v2\/users\/1"}],"replies":[{"embeddable":true,"href":"https:\/\/oca.eco.br\/pt_br\/wp-json\/wp\/v2\/comments?post=1679"}],"version-history":[{"count":0,"href":"https:\/\/oca.eco.br\/pt_br\/wp-json\/wp\/v2\/posts\/1679\/revisions"}],"wp:attachment":[{"href":"https:\/\/oca.eco.br\/pt_br\/wp-json\/wp\/v2\/media?parent=1679"}],"wp:term":[{"taxonomy":"category","embeddable":true,"href":"https:\/\/oca.eco.br\/pt_br\/wp-json\/wp\/v2\/categories?post=1679"},{"taxonomy":"post_tag","embeddable":true,"href":"https:\/\/oca.eco.br\/pt_br\/wp-json\/wp\/v2\/tags?post=1679"}],"curies":[{"name":"wp","href":"https:\/\/api.w.org\/{rel}","templated":true}]}}